{"id":2189,"date":"2025-08-09T20:24:04","date_gmt":"2025-08-09T20:24:04","guid":{"rendered":"https:\/\/santissimocrocifisso.net\/?p=2189"},"modified":"2025-12-01T19:40:18","modified_gmt":"2025-12-01T19:40:18","slug":"caritas","status":"publish","type":"post","link":"https:\/\/santissimocrocifisso.net\/index.php\/2025\/08\/09\/caritas\/","title":{"rendered":"Caritas"},"content":{"rendered":"\t\t<div data-elementor-type=\"wp-post\" data-elementor-id=\"2189\" class=\"elementor elementor-2189\">\n\t\t\t\t\t\t<section class=\"elementor-section elementor-top-section elementor-element elementor-element-52c880f1 elementor-section-boxed elementor-section-height-default elementor-section-height-default wpr-particle-no wpr-jarallax-no wpr-parallax-no wpr-sticky-section-no\" data-id=\"52c880f1\" data-element_type=\"section\" data-e-type=\"section\">\n\t\t\t\t\t\t<div class=\"elementor-container elementor-column-gap-default\">\n\t\t\t\t\t<div class=\"elementor-column elementor-col-100 elementor-top-column elementor-element elementor-element-7e79274f\" data-id=\"7e79274f\" data-element_type=\"column\" data-e-type=\"column\">\n\t\t\t<div class=\"elementor-widget-wrap elementor-element-populated\">\n\t\t\t\t\t\t<div class=\"elementor-element elementor-element-105cbc38 elementor-widget elementor-widget-text-editor\" data-id=\"105cbc38\" data-element_type=\"widget\" data-e-type=\"widget\" data-widget_type=\"text-editor.default\">\n\t\t\t\t\t\t\t\t\t<h4>A partire dal 1 settembre apriremo gli uffici della Caritas con il seguente orario:<\/h4><ul style=\"font-weight: 400;\"><li>Il luned\u00ec dalle 17.00 alle 18.30<\/li><li>Il marted\u00ec dalle 10.30 alle 12.00<\/li><li>Il venerd\u00ec dalle 17 alle 18.30<\/li><\/ul><p>Il Centro Ascolto \u00e8 gestito da un gruppo di parrocchiani che, dopo aver seguito una formazione specifica, mettono a disposizione il proprio tempo e le proprie competenze per offrire supporto a coloro che si trovano in situazioni di difficolt\u00e0.<\/p><p>L&#8217;inserimento nel circuito della Caritas Diocesana permette di accedere a strumenti e risorse aggiuntive, rendendo pi\u00f9 efficace la risposta alle necessit\u00e0 dei parrocchiani. Tuttavia, la partecipazione attiva dell\u2019intera comunit\u00e0 parrocchiale rimane fondamentale per il successo del servizio. Si invita chiunque desideri contribuire, mettendo a disposizione la propria professione e le proprie competenze, a contattare il Centro Ascolto tramite l&#8217;indirizzo email indicato nella locandina, specificando il tipo di aiuto che pu\u00f2 offrire. In particolare servirebbe assistenza legale, sanitaria, fiscale, ecc.<\/p><p>Un&#8217;attivit\u00e0 essenziale offerta alle famiglie in difficolt\u00e0, resa possibile grazie alla generosit\u00e0 dei parrocchiani che donano regolarmente prodotti alimentari, \u00e8 la distribuzione di pacchi alimentari. Tale servizio proseguir\u00e0, ma diversamente dagli anni precedenti\u2014quando i beneficiari erano tenuti a ritirare in sede il necessario\u2014la consegna avverr\u00e0 direttamente al domicilio delle famiglie. Per realizzare questa iniziativa, si ricercano volontari disponibili il secondo e\/o il quarto sabato mattina di ogni mese, per dedicare circa un\u2019ora del loro tempo. Per aderire, \u00e8 possibile contattare il Centro Ascolto all\u2019indirizzo email consueto.<\/p><h1><br style=\"font-weight: 400;\" \/><br \/><\/h1>\t\t\t\t\t\t\t\t<\/div>\n\t\t\t\t\t<\/div>\n\t\t<\/div>\n\t\t\t\t\t<\/div>\n\t\t<\/section>\n\t\t<div class=\"elementor-element elementor-element-04a05c0 e-flex e-con-boxed wpr-particle-no wpr-jarallax-no wpr-parallax-no wpr-sticky-section-no e-con e-parent\" data-id=\"04a05c0\" data-element_type=\"container\" data-e-type=\"container\">\n\t\t\t\t\t<div class=\"e-con-inner\">\n\t\t\t\t\t<\/div>\n\t\t\t\t<\/div>\n\t\t<div class=\"elementor-element elementor-element-b3b7280 e-flex e-con-boxed wpr-particle-no wpr-jarallax-no wpr-parallax-no wpr-sticky-section-no e-con e-parent\" data-id=\"b3b7280\" data-element_type=\"container\" data-e-type=\"container\">\n\t\t\t\t\t<div class=\"e-con-inner\">\n\t\t\t\t\t<\/div>\n\t\t\t\t<\/div>\n\t\t\t\t<\/div>\n\t\t","protected":false},"excerpt":{"rendered":"<p>A partire dal 1 settembre apriremo gli uffici della Caritas con il seguente orario: Il luned\u00ec dalle 17.00 alle 18.30 Il marted\u00ec dalle 10.30 alle 12.00 Il venerd\u00ec dalle 17 alle 18.30 Il Centro Ascolto \u00e8 gestito da un gruppo di parrocchiani che, dopo aver seguito una formazione specifica, mettono a disposizione il proprio tempo e le proprie competenze per offrire supporto a coloro che si trovano in situazioni di difficolt\u00e0. L&#8217;inserimento nel circuito della Caritas Diocesana permette di accedere a strumenti e risorse aggiuntive, rendendo pi\u00f9 efficace la risposta alle necessit\u00e0 dei parrocchiani. Tuttavia, la partecipazione attiva dell\u2019intera comunit\u00e0 parrocchiale rimane fondamentale per il successo del servizio. Si invita chiunque desideri contribuire, mettendo a disposizione la propria professione e le proprie competenze, a contattare il Centro Ascolto tramite l&#8217;indirizzo email indicato nella locandina, specificando il tipo di aiuto che pu\u00f2 offrire. In particolare servirebbe assistenza legale, sanitaria, fiscale, ecc. Un&#8217;attivit\u00e0 essenziale offerta alle famiglie in difficolt\u00e0, resa possibile grazie alla generosit\u00e0 dei parrocchiani che donano regolarmente prodotti alimentari, \u00e8 la distribuzione di pacchi alimentari. Tale servizio proseguir\u00e0, ma diversamente dagli anni precedenti\u2014quando i beneficiari erano tenuti a ritirare in sede il necessario\u2014la consegna avverr\u00e0 direttamente al domicilio delle famiglie. Per realizzare questa iniziativa, si ricercano volontari disponibili il secondo e\/o il quarto sabato mattina di ogni mese, per dedicare circa un\u2019ora del loro tempo. Per aderire, \u00e8 possibile contattare il Centro Ascolto all\u2019indirizzo email consueto.<\/p>\n","protected":false},"author":5,"featured_media":2418,"comment_status":"closed","ping_status":"open","sticky":false,"template":"","format":"standard","meta":{"footnotes":""},"categories":[33],"tags":[],"class_list":["post-2189","post","type-post","status-publish","format-standard","has-post-thumbnail","hentry","category-incontri"],"_links":{"self":[{"href":"https:\/\/santissimocrocifisso.net\/index.php\/wp-json\/wp\/v2\/posts\/2189","targetHints":{"allow":["GET"]}}],"collection":[{"href":"https:\/\/santissimocrocifisso.net\/index.php\/wp-json\/wp\/v2\/posts"}],"about":[{"href":"https:\/\/santissimocrocifisso.net\/index.php\/wp-json\/wp\/v2\/types\/post"}],"author":[{"embeddable":true,"href":"https:\/\/santissimocrocifisso.net\/index.php\/wp-json\/wp\/v2\/users\/5"}],"replies":[{"embeddable":true,"href":"https:\/\/santissimocrocifisso.net\/index.php\/wp-json\/wp\/v2\/comments?post=2189"}],"version-history":[{"count":4,"href":"https:\/\/santissimocrocifisso.net\/index.php\/wp-json\/wp\/v2\/posts\/2189\/revisions"}],"predecessor-version":[{"id":2421,"href":"https:\/\/santissimocrocifisso.net\/index.php\/wp-json\/wp\/v2\/posts\/2189\/revisions\/2421"}],"wp:featuredmedia":[{"embeddable":true,"href":"https:\/\/santissimocrocifisso.net\/index.php\/wp-json\/wp\/v2\/media\/2418"}],"wp:attachment":[{"href":"https:\/\/santissimocrocifisso.net\/index.php\/wp-json\/wp\/v2\/media?parent=2189"}],"wp:term":[{"taxonomy":"category","embeddable":true,"href":"https:\/\/santissimocrocifisso.net\/index.php\/wp-json\/wp\/v2\/categories?post=2189"},{"taxonomy":"post_tag","embeddable":true,"href":"https:\/\/santissimocrocifisso.net\/index.php\/wp-json\/wp\/v2\/tags?post=2189"}],"curies":[{"name":"wp","href":"https:\/\/api.w.org\/{rel}","templated":true}]}}