{"id":2195,"date":"2025-07-14T20:25:01","date_gmt":"2025-07-14T20:25:01","guid":{"rendered":"https:\/\/santissimocrocifisso.net\/?p=2195"},"modified":"2025-12-01T19:54:47","modified_gmt":"2025-12-01T19:54:47","slug":"catechismo-prima-comunione","status":"publish","type":"post","link":"https:\/\/santissimocrocifisso.net\/index.php\/2025\/07\/14\/catechismo-prima-comunione\/","title":{"rendered":"Catechismo prima comunione"},"content":{"rendered":"\t\t<div data-elementor-type=\"wp-post\" data-elementor-id=\"2195\" class=\"elementor elementor-2195\">\n\t\t\t\t\t\t<section class=\"elementor-section elementor-top-section elementor-element elementor-element-52c880f1 elementor-section-boxed elementor-section-height-default elementor-section-height-default wpr-particle-no wpr-jarallax-no wpr-parallax-no wpr-sticky-section-no\" data-id=\"52c880f1\" data-element_type=\"section\" data-e-type=\"section\">\n\t\t\t\t\t\t<div class=\"elementor-container elementor-column-gap-default\">\n\t\t\t\t\t<div class=\"elementor-column elementor-col-100 elementor-top-column elementor-element elementor-element-7e79274f\" data-id=\"7e79274f\" data-element_type=\"column\" data-e-type=\"column\">\n\t\t\t<div class=\"elementor-widget-wrap elementor-element-populated\">\n\t\t\t\t\t\t<div class=\"elementor-element elementor-element-105cbc38 elementor-widget elementor-widget-text-editor\" data-id=\"105cbc38\" data-element_type=\"widget\" data-e-type=\"widget\" data-widget_type=\"text-editor.default\">\n\t\t\t\t\t\t\t\t\t<h2>Il catechismo di Preparazione per la Prima Comunione<\/h2><p>Accompagnare i bambini nel loro percorso verso la Prima Comunione \u00e8 una delle missioni pi\u00f9 significative e gioiose per l\u2019intera comunit\u00e0 parrocchiale. La celebrazione di questo sacramento rappresenta non solo un importante traguardo nella vita dei pi\u00f9 piccoli, ma anche una preziosa occasione di rinnovamento per le loro famiglie e per tutta la comunit\u00e0 cristiana. I bambini, infatti, sono il nostro futuro e la loro crescita spirituale \u00e8 una responsabilit\u00e0 condivisa.<br \/>Quando i genitori scelgono di far battezzare i propri figli, assumono davanti a Dio e alla Chiesa l\u2019impegno di educarli nella fede. Il catechismo che proponiamo vuole essere un valido sostegno per tutte le famiglie che desiderano accompagnare i propri figli in questo cammino, offrendo strumenti, momenti di riflessione e occasioni di preghiera per vivere insieme, adulti e bambini, l\u2019esperienza della fede cristiana.<\/p><p><br \/><b>L\u2019obiettivo principale del catechismo<\/b> \u00e8 preparare i bambini a ricevere con consapevolezza e gioia il Sacramento dell\u2019Eucaristia, affinch\u00e9 possano riconoscere in esso una fonte inesauribile di forza, nutrimento spirituale e sostegno nelle sfide della vita quotidiana. L\u2019Eucaristia diventa cos\u00ec un punto di riferimento costante, un luogo di incontro con Ges\u00f9 e con la comunit\u00e0.\u00a0<br \/>Il nostro desiderio \u00e8 quello di inserire bambini e famiglie nella grande Famiglia Parrocchiale. La comunit\u00e0 cristiana, infatti, non \u00e8 solo il luogo dove si riceve un sacramento, ma una casa in cui si cresce, si trova ascolto e si sperimenta la gioia del camminare insieme. Qui, anche gli adulti possono trovare sostegno, amicizia e occasioni per nutrire la propria fede, rafforzando quel senso di appartenenza che rende la Chiesa una vera famiglia di famiglie.<br \/><br \/><\/p><p>Il cammino di catechismo<b> inizia coi bambini frequentano la quarta elementare<\/b> (di solito intorno ai 9 anni) e si conclude a maggio del secondo anno, poco prima che finiscano la quinta elementare.\u00a0<br \/>La proposta formativa prevede le <b>seguenti attivit\u00e0<\/b>:\u00a0<\/p><p>\u00a0<\/p><ul><li>La <u>partecipazione attiva alla messa delle 10.30<\/u> ogni domenica (possibilmente insieme ai genitori),\u00a0<\/li><\/ul><ul><li>Un i<u>ncontro settimanale<\/u> a scelta tra il venerd\u00ec dalle 17.00 alle 18.15 oppure la domenica dalla fine della messa delle 10.30 fino alle 12.30,\u00a0<\/li><\/ul><ul><li><u>I<\/u><u>ncontri per i genitori<\/u>,\u00a0<\/li><\/ul><ul><li>Ritiri di una sola giornata e un campo estivo a fine anno.<\/li><\/ul><p>\u00a0<\/p><h1>Per chi sceglie di fare l\u2019incontro di catechismo la Domenica, gli incontri saranno 3 volte al mese, lasciando l\u2019ultima domenica solo con l\u2019impegno della messa domenicale.<\/h1><p>\u00a0<\/p><p><br \/>Data la seriet\u00e0 con cui affrontiamo il percorso, chiediamo la<u> partecipazione a tutte queste attivit\u00e0<\/u>, in modo particolare la partecipazione alla Santa Messa e l\u2019incontro settimanale dei ragazzi. Ammetteremo assenze solo giustificate e che non superino in numero il 20% del totale degli incontri annuali.<\/p><p><br \/>Relativamente al campo estivo conclusivo, \u00e8 una novit\u00e0 che vogliamo attuare in questo nuovo anno. Si precisa che la partecipazione non \u00e8 obbligatoria ma fortemente raccomandata, in quanto rappresenta un\u2019opportunit\u00e0 significativa per i bambini di vivere esperienze formative, rafforzare i legami con i pari e con i loro catechisti. Sar\u00e0 nostra cura comunicare con tempestivit\u00e0 la sede, le date del campo estivo e i termini per la presentazione delle domande di iscrizione.<\/p><p><br \/>Per iscrivere i propri figli al percorso catechistico bisogna rivolgersi in segreteria negli orari appositi a partire dal luned\u00ec 15 settembre 2025.<\/p>\t\t\t\t\t\t\t\t<\/div>\n\t\t\t\t\t<\/div>\n\t\t<\/div>\n\t\t\t\t\t<\/div>\n\t\t<\/section>\n\t\t<div class=\"elementor-element elementor-element-04a05c0 e-flex e-con-boxed wpr-particle-no wpr-jarallax-no wpr-parallax-no wpr-sticky-section-no e-con e-parent\" data-id=\"04a05c0\" data-element_type=\"container\" data-e-type=\"container\">\n\t\t\t\t\t<div class=\"e-con-inner\">\n\t\t\t\t\t<\/div>\n\t\t\t\t<\/div>\n\t\t<div class=\"elementor-element elementor-element-b3b7280 e-flex e-con-boxed wpr-particle-no wpr-jarallax-no wpr-parallax-no wpr-sticky-section-no e-con e-parent\" data-id=\"b3b7280\" data-element_type=\"container\" data-e-type=\"container\">\n\t\t\t\t\t<div class=\"e-con-inner\">\n\t\t\t\t\t<\/div>\n\t\t\t\t<\/div>\n\t\t\t\t<\/div>\n\t\t","protected":false},"excerpt":{"rendered":"<p>Il catechismo di Preparazione per la Prima Comunione Accompagnare i bambini nel loro percorso verso la Prima Comunione \u00e8 una delle missioni pi\u00f9 significative e gioiose per l\u2019intera comunit\u00e0 parrocchiale. La celebrazione di questo sacramento rappresenta non solo un importante traguardo nella vita dei pi\u00f9 piccoli, ma anche una preziosa occasione di rinnovamento per le loro famiglie e per tutta la comunit\u00e0 cristiana. I bambini, infatti, sono il nostro futuro e la loro crescita spirituale \u00e8 una responsabilit\u00e0 condivisa.Quando i genitori scelgono di far battezzare i propri figli, assumono davanti a Dio e alla Chiesa l\u2019impegno di educarli nella fede. Il catechismo che proponiamo vuole essere un valido sostegno per tutte le famiglie che desiderano accompagnare i propri figli in questo cammino, offrendo strumenti, momenti di riflessione e occasioni di preghiera per vivere insieme, adulti e bambini, l\u2019esperienza della fede cristiana. L\u2019obiettivo principale del catechismo \u00e8 preparare i bambini a ricevere con consapevolezza e gioia il Sacramento dell\u2019Eucaristia, affinch\u00e9 possano riconoscere in esso una fonte inesauribile di forza, nutrimento spirituale e sostegno nelle sfide della vita quotidiana. L\u2019Eucaristia diventa cos\u00ec un punto di riferimento costante, un luogo di incontro con Ges\u00f9 e con la comunit\u00e0.\u00a0Il nostro desiderio \u00e8 quello di inserire bambini e famiglie nella grande Famiglia Parrocchiale. La comunit\u00e0 cristiana, infatti, non \u00e8 solo il luogo dove si riceve un sacramento, ma una casa in cui si cresce, si trova ascolto e si sperimenta la gioia del camminare insieme. Qui, anche gli adulti possono trovare sostegno, amicizia e occasioni per nutrire la propria fede, rafforzando quel senso di appartenenza che rende la Chiesa una vera famiglia di famiglie. Il cammino di catechismo inizia coi bambini frequentano la quarta elementare (di solito intorno ai 9 anni) e si conclude a maggio del secondo anno, poco prima che finiscano la quinta elementare.\u00a0La proposta formativa prevede le seguenti attivit\u00e0:\u00a0 \u00a0 La partecipazione attiva alla messa delle 10.30 ogni domenica (possibilmente insieme ai genitori),\u00a0 Un incontro settimanale a scelta tra il venerd\u00ec dalle 17.00 alle 18.15 oppure la domenica dalla fine della messa delle 10.30 fino alle 12.30,\u00a0 Incontri per i genitori,\u00a0 Ritiri di una sola giornata e un campo estivo a fine anno. \u00a0 Per chi sceglie di fare l\u2019incontro di catechismo la Domenica, gli incontri saranno 3 volte al mese, lasciando l\u2019ultima domenica solo con l\u2019impegno della messa domenicale. \u00a0 Data la seriet\u00e0 con cui affrontiamo il percorso, chiediamo la partecipazione a tutte queste attivit\u00e0, in modo particolare la partecipazione alla Santa Messa e l\u2019incontro settimanale dei ragazzi. Ammetteremo assenze solo giustificate e che non superino in numero il 20% del totale degli incontri annuali. Relativamente al campo estivo conclusivo, \u00e8 una novit\u00e0 che vogliamo attuare in questo nuovo anno. Si precisa che la partecipazione non \u00e8 obbligatoria ma fortemente raccomandata, in quanto rappresenta un\u2019opportunit\u00e0 significativa per i bambini di vivere esperienze formative, rafforzare i legami con i pari e con i loro catechisti. Sar\u00e0 nostra cura comunicare con tempestivit\u00e0 la sede, le date del campo estivo e i termini per la presentazione delle domande di iscrizione. Per iscrivere i propri figli al percorso catechistico bisogna rivolgersi in segreteria negli orari appositi a partire dal luned\u00ec 15 settembre 2025.<\/p>\n","protected":false},"author":5,"featured_media":2442,"comment_status":"closed","ping_status":"open","sticky":false,"template":"","format":"standard","meta":{"footnotes":""},"categories":[30],"tags":[],"class_list":["post-2195","post","type-post","status-publish","format-standard","has-post-thumbnail","hentry","category-catechismo"],"_links":{"self":[{"href":"https:\/\/santissimocrocifisso.net\/index.php\/wp-json\/wp\/v2\/posts\/2195","targetHints":{"allow":["GET"]}}],"collection":[{"href":"https:\/\/santissimocrocifisso.net\/index.php\/wp-json\/wp\/v2\/posts"}],"about":[{"href":"https:\/\/santissimocrocifisso.net\/index.php\/wp-json\/wp\/v2\/types\/post"}],"author":[{"embeddable":true,"href":"https:\/\/santissimocrocifisso.net\/index.php\/wp-json\/wp\/v2\/users\/5"}],"replies":[{"embeddable":true,"href":"https:\/\/santissimocrocifisso.net\/index.php\/wp-json\/wp\/v2\/comments?post=2195"}],"version-history":[{"count":4,"href":"https:\/\/santissimocrocifisso.net\/index.php\/wp-json\/wp\/v2\/posts\/2195\/revisions"}],"predecessor-version":[{"id":2445,"href":"https:\/\/santissimocrocifisso.net\/index.php\/wp-json\/wp\/v2\/posts\/2195\/revisions\/2445"}],"wp:featuredmedia":[{"embeddable":true,"href":"https:\/\/santissimocrocifisso.net\/index.php\/wp-json\/wp\/v2\/media\/2442"}],"wp:attachment":[{"href":"https:\/\/santissimocrocifisso.net\/index.php\/wp-json\/wp\/v2\/media?parent=2195"}],"wp:term":[{"taxonomy":"category","embeddable":true,"href":"https:\/\/santissimocrocifisso.net\/index.php\/wp-json\/wp\/v2\/categories?post=2195"},{"taxonomy":"post_tag","embeddable":true,"href":"https:\/\/santissimocrocifisso.net\/index.php\/wp-json\/wp\/v2\/tags?post=2195"}],"curies":[{"name":"wp","href":"https:\/\/api.w.org\/{rel}","templated":true}]}}